{"id":1057,"date":"2019-11-23T11:51:31","date_gmt":"2019-11-23T10:51:31","guid":{"rendered":"https:\/\/www.gimnasiochang.com\/?p=1057"},"modified":"2019-11-23T12:52:29","modified_gmt":"2019-11-23T11:52:29","slug":"europeo-universitario-de-2019-zagreb-cronica","status":"publish","type":"post","link":"https:\/\/www.gimnasiochang.com\/index.php\/2019\/11\/23\/europeo-universitario-de-2019-zagreb-cronica\/","title":{"rendered":"Europeo Universitario de 2019, Zagreb. Cr\u00f3nica"},"content":{"rendered":"\n<p class=\"has-text-color has-background has-white-color has-medium-gray-background-color\">Con algo de retraso presentamos la cr\u00f3nica del Campeonato de Europa Universitario de Taekwondo de 2019 que se celebr\u00f3 en la primera semana de agosto en Zagreb, Croacia. En el que est\u00e1bamos representados por dos deportistas del Club, Noe en -46kg y Borja en +87kg.<\/p>\n\n\n\n<div class=\"wp-block-group\"><div class=\"wp-block-group__inner-container\">\n<figure class=\"wp-block-gallery columns-3 is-cropped\"><ul class=\"blocks-gallery-grid\"><li class=\"blocks-gallery-item\"><figure><img loading=\"lazy\" width=\"768\" height=\"1024\" src=\"https:\/\/www.gimnasiochang.com\/wp-content\/uploads\/2019\/11\/WhatsApp-Image-2019-11-13-at-12.25.30-4-768x1024.jpeg\" alt=\"\" data-id=\"1061\" data-full-url=\"https:\/\/www.gimnasiochang.com\/wp-content\/uploads\/2019\/11\/WhatsApp-Image-2019-11-13-at-12.25.30-4.jpeg\" data-link=\"https:\/\/www.gimnasiochang.com\/index.php\/2019\/11\/23\/europeo-universitario-de-2019-zagreb-cronica\/whatsapp-image-2019-11-13-at-12-25-30-4\/\" class=\"wp-image-1061\" srcset=\"https:\/\/www.gimnasiochang.com\/wp-content\/uploads\/2019\/11\/WhatsApp-Image-2019-11-13-at-12.25.30-4-768x1024.jpeg 768w, https:\/\/www.gimnasiochang.com\/wp-content\/uploads\/2019\/11\/WhatsApp-Image-2019-11-13-at-12.25.30-4-225x300.jpeg 225w, https:\/\/www.gimnasiochang.com\/wp-content\/uploads\/2019\/11\/WhatsApp-Image-2019-11-13-at-12.25.30-4-1152x1536.jpeg 1152w, https:\/\/www.gimnasiochang.com\/wp-content\/uploads\/2019\/11\/WhatsApp-Image-2019-11-13-at-12.25.30-4-624x832.jpeg 624w, https:\/\/www.gimnasiochang.com\/wp-content\/uploads\/2019\/11\/WhatsApp-Image-2019-11-13-at-12.25.30-4.jpeg 1200w\" sizes=\"(max-width: 768px) 100vw, 768px\" \/><\/figure><\/li><li class=\"blocks-gallery-item\"><figure><img loading=\"lazy\" width=\"768\" height=\"1024\" src=\"https:\/\/www.gimnasiochang.com\/wp-content\/uploads\/2019\/11\/WhatsApp-Image-2019-11-13-at-12.25.30-5-768x1024.jpeg\" alt=\"\" data-id=\"1060\" data-full-url=\"https:\/\/www.gimnasiochang.com\/wp-content\/uploads\/2019\/11\/WhatsApp-Image-2019-11-13-at-12.25.30-5.jpeg\" data-link=\"https:\/\/www.gimnasiochang.com\/index.php\/2019\/11\/23\/europeo-universitario-de-2019-zagreb-cronica\/whatsapp-image-2019-11-13-at-12-25-30-5\/\" class=\"wp-image-1060\" srcset=\"https:\/\/www.gimnasiochang.com\/wp-content\/uploads\/2019\/11\/WhatsApp-Image-2019-11-13-at-12.25.30-5-768x1024.jpeg 768w, https:\/\/www.gimnasiochang.com\/wp-content\/uploads\/2019\/11\/WhatsApp-Image-2019-11-13-at-12.25.30-5-225x300.jpeg 225w, https:\/\/www.gimnasiochang.com\/wp-content\/uploads\/2019\/11\/WhatsApp-Image-2019-11-13-at-12.25.30-5-1152x1536.jpeg 1152w, https:\/\/www.gimnasiochang.com\/wp-content\/uploads\/2019\/11\/WhatsApp-Image-2019-11-13-at-12.25.30-5-624x832.jpeg 624w, https:\/\/www.gimnasiochang.com\/wp-content\/uploads\/2019\/11\/WhatsApp-Image-2019-11-13-at-12.25.30-5.jpeg 1200w\" sizes=\"(max-width: 768px) 100vw, 768px\" \/><\/figure><\/li><li class=\"blocks-gallery-item\"><figure><img loading=\"lazy\" width=\"768\" height=\"1024\" src=\"https:\/\/www.gimnasiochang.com\/wp-content\/uploads\/2019\/11\/WhatsApp-Image-2019-11-13-at-12.25.30-3-768x1024.jpeg\" alt=\"\" data-id=\"1062\" data-full-url=\"https:\/\/www.gimnasiochang.com\/wp-content\/uploads\/2019\/11\/WhatsApp-Image-2019-11-13-at-12.25.30-3.jpeg\" data-link=\"https:\/\/www.gimnasiochang.com\/index.php\/2019\/11\/23\/europeo-universitario-de-2019-zagreb-cronica\/whatsapp-image-2019-11-13-at-12-25-30-3\/\" class=\"wp-image-1062\" srcset=\"https:\/\/www.gimnasiochang.com\/wp-content\/uploads\/2019\/11\/WhatsApp-Image-2019-11-13-at-12.25.30-3-768x1024.jpeg 768w, https:\/\/www.gimnasiochang.com\/wp-content\/uploads\/2019\/11\/WhatsApp-Image-2019-11-13-at-12.25.30-3-225x300.jpeg 225w, https:\/\/www.gimnasiochang.com\/wp-content\/uploads\/2019\/11\/WhatsApp-Image-2019-11-13-at-12.25.30-3-1152x1536.jpeg 1152w, https:\/\/www.gimnasiochang.com\/wp-content\/uploads\/2019\/11\/WhatsApp-Image-2019-11-13-at-12.25.30-3-624x832.jpeg 624w, https:\/\/www.gimnasiochang.com\/wp-content\/uploads\/2019\/11\/WhatsApp-Image-2019-11-13-at-12.25.30-3.jpeg 1200w\" sizes=\"(max-width: 768px) 100vw, 768px\" \/><\/figure><\/li><\/ul><\/figure>\n<\/div><\/div>\n\n\n\n<p>Los <strong>deportistas universitarios del Gimnasio Chang<\/strong>, Borja G. y Noelia G. viajaron el pasado agosto en las selecciones de sus respectivas universidades para participar en el europeo de Zagreb. Ambos se clasificaron en el nacional universitario, Borja con el bronce y Noe con el oro, en sus categor\u00edas.<\/p>\n\n\n\n<p>Para<strong> Borja, representando a la Universidad Polit\u00e9cnica de Valencia<\/strong>, un premio a la constancia y la superaci\u00f3n ya que volv\u00eda de una complicada lesi\u00f3n y la temporada no hab\u00eda sido para nada como esper\u00e1bamos. Realiz\u00f3 un buen combate pero la falta de regularidad entrenando le condicion\u00f3 para tener opciones de sacar un mejor resultado.<\/p>\n\n\n\n<p><strong>Noe por su parte, en el equipo de la Universitat de Val\u00e8ncia<\/strong>, ven\u00eda con buenas sensaciones tras ganar el Nacional Universitario con superioridad, pero con la incertidumbre de probarse con rivales internacionales. Muy buena competici\u00f3n superando de manera contundente a la deportista de Ucrania, una deportista con mucha envergadura pero que no pudo hacerla valer frente a los bloqueos y la movilidad de Noe. <br>En la final nos enfrentamos a la que era la francesa actual campeona de Europa y favorita, una rival muy fuerte y de acciones contundentes que sin embargo se vio superada de nuevo por la los bloqueos y la fuerza de nuestra deportista. La francesa busc\u00f3 un combate trabado, bordeando el reglamento, pero la buena actuaci\u00f3n arbitral y la intensidad del combate de Noe acabaron imponi\u00e9ndose. <br><strong>Buenas sensaciones y primer puesto<\/strong> que cerraban una buena temporada de confirmaci\u00f3n a nivel internacional.<\/p>\n","protected":false},"excerpt":{"rendered":"<p>Con algo de retraso presentamos la cr\u00f3nica del Campeonato de Europa Universitario de Taekwondo de 2019 que se celebr\u00f3 en la primera semana de agosto en Zagreb, Croacia. En el que est\u00e1bamos representados por dos deportistas del Club, Noe en -46kg y Borja en +87kg. Los deportistas universitarios del Gimnasio Chang, Borja G. y Noelia [&hellip;]<\/p>\n","protected":false},"author":1,"featured_media":0,"comment_status":"closed","ping_status":"closed","sticky":false,"template":"","format":"standard","meta":[],"categories":[6,33,1],"tags":[37,42],"_links":{"self":[{"href":"https:\/\/www.gimnasiochang.com\/index.php\/wp-json\/wp\/v2\/posts\/1057"}],"collection":[{"href":"https:\/\/www.gimnasiochang.com\/index.php\/wp-json\/wp\/v2\/posts"}],"about":[{"href":"https:\/\/www.gimnasiochang.com\/index.php\/wp-json\/wp\/v2\/types\/post"}],"author":[{"embeddable":true,"href":"https:\/\/www.gimnasiochang.com\/index.php\/wp-json\/wp\/v2\/users\/1"}],"replies":[{"embeddable":true,"href":"https:\/\/www.gimnasiochang.com\/index.php\/wp-json\/wp\/v2\/comments?post=1057"}],"version-history":[{"count":31,"href":"https:\/\/www.gimnasiochang.com\/index.php\/wp-json\/wp\/v2\/posts\/1057\/revisions"}],"predecessor-version":[{"id":1095,"href":"https:\/\/www.gimnasiochang.com\/index.php\/wp-json\/wp\/v2\/posts\/1057\/revisions\/1095"}],"wp:attachment":[{"href":"https:\/\/www.gimnasiochang.com\/index.php\/wp-json\/wp\/v2\/media?parent=1057"}],"wp:term":[{"taxonomy":"category","embeddable":true,"href":"https:\/\/www.gimnasiochang.com\/index.php\/wp-json\/wp\/v2\/categories?post=1057"},{"taxonomy":"post_tag","embeddable":true,"href":"https:\/\/www.gimnasiochang.com\/index.php\/wp-json\/wp\/v2\/tags?post=1057"}],"curies":[{"name":"wp","href":"https:\/\/api.w.org\/{rel}","templated":true}]}}