{"id":109,"date":"2008-12-28T16:45:06","date_gmt":"2008-12-28T15:45:06","guid":{"rendered":"http:\/\/www.gimnasiochang.com\/?p=109"},"modified":"2008-12-28T16:45:06","modified_gmt":"2008-12-28T15:45:06","slug":"resultados-del-examen-de-grados-del-17-de-diciembre-de-2008","status":"publish","type":"post","link":"https:\/\/www.gimnasiochang.com\/index.php\/2008\/12\/28\/resultados-del-examen-de-grados-del-17-de-diciembre-de-2008\/","title":{"rendered":"Resultados del examen de grados del 17 de diciembre de 2008"},"content":{"rendered":"<p><strong>Resultados del examen de grado del d\u00eda 17 de diciembre de 2008:<\/strong><\/p>\n<p><strong>Blanco amarillo:<\/strong><br \/>\nAna Villanueva Pastor<br \/>\nCarlos Romero Donat<br \/>\nJoan Guti\u00e9rrez Contreras<br \/>\nMarcos Mart\u00ednez Gimeno<\/p>\n<p><strong>Amarillo<\/strong>:<br \/>\nAurelio Roqueta Vaquer<br \/>\nClaudio Meana Ribes<br \/>\nJes\u00fas Gal\u00e1n Navarro<br \/>\nTina P\u00e9rez Gonz\u00e1lez<br \/>\nTanya Giner Poggi<\/p>\n<p><strong>Amarillo<\/strong> <strong>naranja<\/strong>:<br \/>\nAlejandro D\u00edaz Mart\u00ednez<br \/>\nAlejandro Remy-Lafarga<br \/>\nBryan Calder\u00f3n Orellana<br \/>\nJuan Antonio D\u00edaz Mart\u00ednez<br \/>\nMart\u00edn Tales Guardiola<\/p>\n<p><strong>Naranja<\/strong>:<br \/>\nQuentin Taurel<\/p>\n<p><strong>Verde<\/strong>:<br \/>\nCarlos Hernani Morales<br \/>\nChristian Calder\u00f3n Orellana<br \/>\nEmilio Cogollos Brines<br \/>\nMat\u00edas Real L\u00f3pez<br \/>\nRicardo Gimeno Castellar<br \/>\nVicente Portal\u00e9s Dur\u00e1n<\/p>\n<p><strong>Azul<\/strong>:<br \/>\nJorge Navarro Andreu<\/p>\n<p><strong>Marr\u00f3n<\/strong>:<br \/>\nJos\u00e9 Palomares Jim\u00e9nez<br \/>\nJuan Carlos Heredia Gim\u00e9nez<br \/>\nFrancisco G\u00f3mez Ortega<br \/>\nRicardo Futami Mart\u00ednez<\/p>\n<p style=\"text-align: right;\"><strong>Gimnasio Chang Taekwondo <\/strong><\/p>\n","protected":false},"excerpt":{"rendered":"<p>Resultados del examen de grado del d\u00eda 17 de diciembre de 2008: Blanco amarillo: Ana Villanueva Pastor Carlos Romero Donat Joan Guti\u00e9rrez Contreras Marcos Mart\u00ednez Gimeno Amarillo: Aurelio Roqueta Vaquer Claudio Meana Ribes Jes\u00fas Gal\u00e1n Navarro Tina P\u00e9rez Gonz\u00e1lez Tanya Giner Poggi Amarillo naranja: Alejandro D\u00edaz Mart\u00ednez Alejandro Remy-Lafarga Bryan Calder\u00f3n Orellana Juan Antonio D\u00edaz [&hellip;]<\/p>\n","protected":false},"author":1,"featured_media":0,"comment_status":"closed","ping_status":"open","sticky":false,"template":"","format":"standard","meta":[],"categories":[7,5],"tags":[],"_links":{"self":[{"href":"https:\/\/www.gimnasiochang.com\/index.php\/wp-json\/wp\/v2\/posts\/109"}],"collection":[{"href":"https:\/\/www.gimnasiochang.com\/index.php\/wp-json\/wp\/v2\/posts"}],"about":[{"href":"https:\/\/www.gimnasiochang.com\/index.php\/wp-json\/wp\/v2\/types\/post"}],"author":[{"embeddable":true,"href":"https:\/\/www.gimnasiochang.com\/index.php\/wp-json\/wp\/v2\/users\/1"}],"replies":[{"embeddable":true,"href":"https:\/\/www.gimnasiochang.com\/index.php\/wp-json\/wp\/v2\/comments?post=109"}],"version-history":[{"count":1,"href":"https:\/\/www.gimnasiochang.com\/index.php\/wp-json\/wp\/v2\/posts\/109\/revisions"}],"predecessor-version":[{"id":110,"href":"https:\/\/www.gimnasiochang.com\/index.php\/wp-json\/wp\/v2\/posts\/109\/revisions\/110"}],"wp:attachment":[{"href":"https:\/\/www.gimnasiochang.com\/index.php\/wp-json\/wp\/v2\/media?parent=109"}],"wp:term":[{"taxonomy":"category","embeddable":true,"href":"https:\/\/www.gimnasiochang.com\/index.php\/wp-json\/wp\/v2\/categories?post=109"},{"taxonomy":"post_tag","embeddable":true,"href":"https:\/\/www.gimnasiochang.com\/index.php\/wp-json\/wp\/v2\/tags?post=109"}],"curies":[{"name":"wp","href":"https:\/\/api.w.org\/{rel}","templated":true}]}}