{"id":578,"date":"2016-05-21T18:58:38","date_gmt":"2016-05-21T17:58:38","guid":{"rendered":"http:\/\/www.gimnasiochang.com\/?p=578"},"modified":"2016-05-21T19:43:37","modified_gmt":"2016-05-21T18:43:37","slug":"en-un-lugar-llamado-suwon","status":"publish","type":"post","link":"https:\/\/www.gimnasiochang.com\/index.php\/2016\/05\/21\/en-un-lugar-llamado-suwon\/","title":{"rendered":"En un lugar llamado Hwsaong"},"content":{"rendered":"<p>Cuando el maestro cruza los brazos a la espalda y entrecierra los ojos, cuando intenta con sus palabras dar vida a unos recuerdos de un taekwondo de otra \u00e9poca, de un taekwondo original y muy cercano a la esencia del <strong>arte marcial<\/strong>, muchos nos quedamos absortos e intentamos imaginar c\u00f3mo era aquella \u00e9poca, como ser\u00eda entrenar en aquellos tiempos, qu\u00e9 significaba el taekwondo para ellos y es entonces cuando nos preguntamos qu\u00e9 significa el taekwondo para nosotros.<\/p>\n<p><img loading=\"lazy\" class=\"aligncenter size-medium wp-image-587\" src=\"https:\/\/www.gimnasiochang.com\/wp-content\/uploads\/2016\/05\/IMG_0829b-300x225.jpg\" alt=\"IMG_0829b\" width=\"300\" height=\"225\" srcset=\"https:\/\/www.gimnasiochang.com\/wp-content\/uploads\/2016\/05\/IMG_0829b-300x225.jpg 300w, https:\/\/www.gimnasiochang.com\/wp-content\/uploads\/2016\/05\/IMG_0829b-624x468.jpg 624w, https:\/\/www.gimnasiochang.com\/wp-content\/uploads\/2016\/05\/IMG_0829b.jpg 740w\" sizes=\"(max-width: 300px) 100vw, 300px\" \/><\/p>\n<p align=\"justify\">Es dif\u00edcil establecer una conexi\u00f3n con aquellos tiempos, estamos en Espa\u00f1a donde el taekwondo ya tiene su propia historia,\u00a0con\u00a0una\u00a0escuela propia y sus propios maestros y pocos son los que quedan, incluso en Corea, de la <strong>vieja tradici\u00f3n,\u00a0<\/strong>de aquellos primeros maestros entrenados en Corea de manera tradicional y que\u00a0formaron parte del nacimiento de la <a href=\"http:\/\/www.worldtaekwondofederation.net\/\" target=\"_blank\">World Taewkondo Federation<\/a>\u00a0sentando las bases para la aparici\u00f3n y el desarrollo del taekwondo\u00a0moderno.<\/p>\n<p align=\"justify\"><img loading=\"lazy\" class=\"aligncenter wp-image-586\" src=\"https:\/\/www.gimnasiochang.com\/wp-content\/uploads\/2016\/05\/IMG_0825b-225x300.jpg\" alt=\"IMG_0825b\" width=\"300\" height=\"400\" srcset=\"https:\/\/www.gimnasiochang.com\/wp-content\/uploads\/2016\/05\/IMG_0825b-225x300.jpg 225w, https:\/\/www.gimnasiochang.com\/wp-content\/uploads\/2016\/05\/IMG_0825b-624x832.jpg 624w, https:\/\/www.gimnasiochang.com\/wp-content\/uploads\/2016\/05\/IMG_0825b.jpg 740w\" sizes=\"(max-width: 300px) 100vw, 300px\" \/><\/p>\n<p align=\"justify\">Como ya sab\u00e9is el maestro se encuentra de viaje en su pa\u00eds natal. Y en su recorrido\u00a0a podido visitar algunos lugares emblem\u00e1ticos de su propia historia como artista marcial y que son tambi\u00e9n parte de nuestra historia.<br \/>\nDesde all\u00ed nos env\u00eda estas fotos de un lugar muy particular, un lugar que para vosotros es azul, tiene las paredes blancas y est\u00e1 lleno de las marcas del esfuerzo de a\u00f1os de pr\u00e1ctica, pero que para la memoria del maestro tiene otro color y otra forma, <strong>su dojang<\/strong>, uno de los lugares d\u00f3nde entren\u00f3 durante muchos a\u00f1os e incluso donde sufri\u00f3 para conseguir el cintur\u00f3n negro.<br \/>\nAll\u00ed fue alumno como nosotros ahora y all\u00ed se convirti\u00f3 en maestro.<\/p>\n<p align=\"justify\"><img loading=\"lazy\" class=\"aligncenter size-medium wp-image-583\" src=\"https:\/\/www.gimnasiochang.com\/wp-content\/uploads\/2016\/05\/IMG_0835b-300x225.jpg\" alt=\"IMG_0835b\" width=\"300\" height=\"225\" srcset=\"https:\/\/www.gimnasiochang.com\/wp-content\/uploads\/2016\/05\/IMG_0835b-300x225.jpg 300w, https:\/\/www.gimnasiochang.com\/wp-content\/uploads\/2016\/05\/IMG_0835b-624x468.jpg 624w, https:\/\/www.gimnasiochang.com\/wp-content\/uploads\/2016\/05\/IMG_0835b.jpg 740w\" sizes=\"(max-width: 300px) 100vw, 300px\" \/><\/p>\n<p align=\"justify\"><img loading=\"lazy\" class=\"aligncenter wp-image-582\" src=\"https:\/\/www.gimnasiochang.com\/wp-content\/uploads\/2016\/05\/IMG_0834b-225x300.jpg\" alt=\"IMG_0834b\" width=\"300\" height=\"400\" srcset=\"https:\/\/www.gimnasiochang.com\/wp-content\/uploads\/2016\/05\/IMG_0834b-225x300.jpg 225w, https:\/\/www.gimnasiochang.com\/wp-content\/uploads\/2016\/05\/IMG_0834b-624x832.jpg 624w, https:\/\/www.gimnasiochang.com\/wp-content\/uploads\/2016\/05\/IMG_0834b.jpg 740w\" sizes=\"(max-width: 300px) 100vw, 300px\" \/><\/p>\n<p align=\"justify\">El lugar es parte de una antigua fortaleza coreana, la <a href=\"https:\/\/es.wikipedia.org\/wiki\/Fortaleza_de_Hwasong\" target=\"_blank\">fortaleza Hwsaong<\/a>, construida en 1976. El edificio estaba en desuso\u00a0cosa que\u00a0aprovech\u00f3 la escuela de taekwondo local\u00a0para solicitar su rehabilitaci\u00f3n\u00a0como dojang. Ahora mismo es una atracci\u00f3n tur\u00edstica y es <strong>patrimonio de la humanidad por la Unesco<\/strong> desde 1997. Las fotos de abajo son dos\u00a0mapas d\u00f3nde pod\u00e9is ver d\u00f3nde est\u00e1 Suwon en relaci\u00f3n con Seul y del parque d\u00f3nde se encuentra la fortaleza<\/p>\n<p align=\"justify\"><a href=\"https:\/\/www.gimnasiochang.com\/wp-content\/uploads\/2016\/05\/Gyeonggi-do-De-Se\u00fal-a-Suwon.jpg\"><img loading=\"lazy\" class=\"aligncenter size-medium wp-image-585\" src=\"https:\/\/www.gimnasiochang.com\/wp-content\/uploads\/2016\/05\/IMG_0824b-300x225.jpg\" alt=\"IMG_0824b\" width=\"300\" height=\"225\" srcset=\"https:\/\/www.gimnasiochang.com\/wp-content\/uploads\/2016\/05\/IMG_0824b-300x225.jpg 300w, https:\/\/www.gimnasiochang.com\/wp-content\/uploads\/2016\/05\/IMG_0824b-624x468.jpg 624w, https:\/\/www.gimnasiochang.com\/wp-content\/uploads\/2016\/05\/IMG_0824b.jpg 740w\" sizes=\"(max-width: 300px) 100vw, 300px\" \/><img loading=\"lazy\" class=\"aligncenter size-medium wp-image-581\" src=\"https:\/\/www.gimnasiochang.com\/wp-content\/uploads\/2016\/05\/Gyeonggi-do-De-Se\u00fal-a-Suwon-300x170.jpg\" alt=\"Gyeonggi-do De Se\u00fal a Suwon\" width=\"300\" height=\"170\" srcset=\"https:\/\/www.gimnasiochang.com\/wp-content\/uploads\/2016\/05\/Gyeonggi-do-De-Se\u00fal-a-Suwon-300x170.jpg 300w, https:\/\/www.gimnasiochang.com\/wp-content\/uploads\/2016\/05\/Gyeonggi-do-De-Se\u00fal-a-Suwon-1024x581.jpg 1024w, https:\/\/www.gimnasiochang.com\/wp-content\/uploads\/2016\/05\/Gyeonggi-do-De-Se\u00fal-a-Suwon-624x354.jpg 624w, https:\/\/www.gimnasiochang.com\/wp-content\/uploads\/2016\/05\/Gyeonggi-do-De-Se\u00fal-a-Suwon.jpg 1273w\" sizes=\"(max-width: 300px) 100vw, 300px\" \/><\/a> <a href=\"https:\/\/www.gimnasiochang.com\/wp-content\/uploads\/2016\/05\/Suwon-Mapa-fortalezab.png\"><img loading=\"lazy\" class=\"aligncenter size-medium wp-image-584\" src=\"https:\/\/www.gimnasiochang.com\/wp-content\/uploads\/2016\/05\/Suwon-Mapa-fortalezab-300x163.png\" alt=\"Suwon - Mapa fortalezab\" width=\"300\" height=\"163\" srcset=\"https:\/\/www.gimnasiochang.com\/wp-content\/uploads\/2016\/05\/Suwon-Mapa-fortalezab-300x163.png 300w, https:\/\/www.gimnasiochang.com\/wp-content\/uploads\/2016\/05\/Suwon-Mapa-fortalezab-624x338.png 624w, https:\/\/www.gimnasiochang.com\/wp-content\/uploads\/2016\/05\/Suwon-Mapa-fortalezab.png 740w\" sizes=\"(max-width: 300px) 100vw, 300px\" \/><\/a><\/p>\n","protected":false},"excerpt":{"rendered":"<p>Cuando el maestro cruza los brazos a la espalda y entrecierra los ojos, cuando intenta con sus palabras dar vida a unos recuerdos de un taekwondo de otra \u00e9poca, de un taekwondo original y muy cercano a la esencia del arte marcial, muchos nos quedamos absortos e intentamos imaginar c\u00f3mo era aquella \u00e9poca, como ser\u00eda [&hellip;]<\/p>\n","protected":false},"author":1,"featured_media":0,"comment_status":"closed","ping_status":"closed","sticky":false,"template":"","format":"standard","meta":[],"categories":[19,10,8,25,11,1],"tags":[32],"_links":{"self":[{"href":"https:\/\/www.gimnasiochang.com\/index.php\/wp-json\/wp\/v2\/posts\/578"}],"collection":[{"href":"https:\/\/www.gimnasiochang.com\/index.php\/wp-json\/wp\/v2\/posts"}],"about":[{"href":"https:\/\/www.gimnasiochang.com\/index.php\/wp-json\/wp\/v2\/types\/post"}],"author":[{"embeddable":true,"href":"https:\/\/www.gimnasiochang.com\/index.php\/wp-json\/wp\/v2\/users\/1"}],"replies":[{"embeddable":true,"href":"https:\/\/www.gimnasiochang.com\/index.php\/wp-json\/wp\/v2\/comments?post=578"}],"version-history":[{"count":5,"href":"https:\/\/www.gimnasiochang.com\/index.php\/wp-json\/wp\/v2\/posts\/578\/revisions"}],"predecessor-version":[{"id":591,"href":"https:\/\/www.gimnasiochang.com\/index.php\/wp-json\/wp\/v2\/posts\/578\/revisions\/591"}],"wp:attachment":[{"href":"https:\/\/www.gimnasiochang.com\/index.php\/wp-json\/wp\/v2\/media?parent=578"}],"wp:term":[{"taxonomy":"category","embeddable":true,"href":"https:\/\/www.gimnasiochang.com\/index.php\/wp-json\/wp\/v2\/categories?post=578"},{"taxonomy":"post_tag","embeddable":true,"href":"https:\/\/www.gimnasiochang.com\/index.php\/wp-json\/wp\/v2\/tags?post=578"}],"curies":[{"name":"wp","href":"https:\/\/api.w.org\/{rel}","templated":true}]}}