{"id":659,"date":"2017-04-09T19:27:49","date_gmt":"2017-04-09T18:27:49","guid":{"rendered":"http:\/\/www.gimnasiochang.com\/?p=659"},"modified":"2017-04-11T10:22:49","modified_gmt":"2017-04-11T09:22:49","slug":"campeonatos-y-otras-historias","status":"publish","type":"post","link":"https:\/\/www.gimnasiochang.com\/index.php\/2017\/04\/09\/campeonatos-y-otras-historias\/","title":{"rendered":"Campeonatos y otras historias"},"content":{"rendered":"<p><a href=\"https:\/\/www.gimnasiochang.com\/wp-content\/uploads\/2017\/04\/WhatsApp-Image-2017-04-01-at-14.44.21.jpeg\"><img loading=\"lazy\" class=\" wp-image-660  aligncenter\" src=\"https:\/\/www.gimnasiochang.com\/wp-content\/uploads\/2017\/04\/WhatsApp-Image-2017-04-01-at-14.44.21.jpeg\" alt=\"WhatsApp Image 2017-04-01 at 14.44.21\" width=\"566\" height=\"425\" srcset=\"https:\/\/www.gimnasiochang.com\/wp-content\/uploads\/2017\/04\/WhatsApp-Image-2017-04-01-at-14.44.21.jpeg 800w, https:\/\/www.gimnasiochang.com\/wp-content\/uploads\/2017\/04\/WhatsApp-Image-2017-04-01-at-14.44.21-300x225.jpeg 300w, https:\/\/www.gimnasiochang.com\/wp-content\/uploads\/2017\/04\/WhatsApp-Image-2017-04-01-at-14.44.21-624x468.jpeg 624w\" sizes=\"(max-width: 566px) 100vw, 566px\" \/><\/a>Desde septiembre que empez\u00f3 la temporada hemos tenido de todo, y eso que este a\u00f1o hemos\u00a0hecho pocas competiciones. Optamos por no participar en las Liguillas de la Comunidad Valenciana, al ser pocos competidores y todos universitarios se iban a perder\u00a0seguro varias citas y dejaba de valer la pena, por lo menos este a\u00f1o.<\/p>\n<p>Del auton\u00f3mico volvimos con sabor agridulce, un magn\u00edfico segundo puesto de Noe y una lesi\u00f3n de Borja que condicionar\u00eda el resto de\u00a0su temporada. Todo bien y seguimos trabajando.<\/p>\n<p>Noe se llevar\u00eda finalmente un bronce en el Campeonato de Espa\u00f1a de Clubes, muy contentos por la vuelta al nivel nacional con muy buenas sensaciones, y unos cuartos de final en el Open de Espa\u00f1a G1, ya en nivel internacional, menos contentos por como acab\u00f3 y porque supo a poco.<\/p>\n<p>Y finalmente fuimos al CADU, campeonato auton\u00f3mico universitario, con Borja y David representando a la Universidad Polit\u00e9cnica en Alicante.<br \/>\nBorja sali\u00f3 a probarse despu\u00e9s de la lesi\u00f3n y las sensaciones fueron bastante\u00a0negativas\u00a0y\u00a0David se llevar\u00eda un bronce en categor\u00eda absoluta haciendo un gran combate con un rival de cintur\u00f3n y tama\u00f1o superior (s\u00ed s\u00ed, era mas alto).<br \/>\nNoe por su parte no participar\u00eda, lo que fue una gran decepci\u00f3n, pero \u00a0al no cumplir los criterios que solicit\u00f3 su Universidad para participar en el Campeontao de Espa\u00f1a Universitario no ten\u00eda sentido participar en el auton\u00f3mico (despu\u00e9s de comunicarme con la Univesitat me aseguran que esos criterios se mantienen y ser\u00e1n de obligado cumplimiento para todos en este\u00a0pr\u00f3ximo nacional).<\/p>\n<p>El resto del equipo sigue entrenando y creciendo, quiz\u00e1 los campeonatos son lo de menos y los resultados lo de menos de lo de menos, pero tambi\u00e9n es parte inherente al deporte y por eso tal vez a\u00fan nos quede alg\u00fan evento esta temporada para que se prueben los que a\u00fan no han competido y las nuevas adquisiciones.<br \/>\nMientras tanto seguimos con el trabajo de todos y veremos que nos deparar\u00e1 el futuro.<\/p>\n","protected":false},"excerpt":{"rendered":"<p>Desde septiembre que empez\u00f3 la temporada hemos tenido de todo, y eso que este a\u00f1o hemos\u00a0hecho pocas competiciones. Optamos por no participar en las Liguillas de la Comunidad Valenciana, al ser pocos competidores y todos universitarios se iban a perder\u00a0seguro varias citas y dejaba de valer la pena, por lo menos este a\u00f1o. Del auton\u00f3mico [&hellip;]<\/p>\n","protected":false},"author":1,"featured_media":0,"comment_status":"closed","ping_status":"closed","sticky":false,"template":"","format":"standard","meta":[],"categories":[26,6,12,29,8,25,5],"tags":[],"_links":{"self":[{"href":"https:\/\/www.gimnasiochang.com\/index.php\/wp-json\/wp\/v2\/posts\/659"}],"collection":[{"href":"https:\/\/www.gimnasiochang.com\/index.php\/wp-json\/wp\/v2\/posts"}],"about":[{"href":"https:\/\/www.gimnasiochang.com\/index.php\/wp-json\/wp\/v2\/types\/post"}],"author":[{"embeddable":true,"href":"https:\/\/www.gimnasiochang.com\/index.php\/wp-json\/wp\/v2\/users\/1"}],"replies":[{"embeddable":true,"href":"https:\/\/www.gimnasiochang.com\/index.php\/wp-json\/wp\/v2\/comments?post=659"}],"version-history":[{"count":5,"href":"https:\/\/www.gimnasiochang.com\/index.php\/wp-json\/wp\/v2\/posts\/659\/revisions"}],"predecessor-version":[{"id":665,"href":"https:\/\/www.gimnasiochang.com\/index.php\/wp-json\/wp\/v2\/posts\/659\/revisions\/665"}],"wp:attachment":[{"href":"https:\/\/www.gimnasiochang.com\/index.php\/wp-json\/wp\/v2\/media?parent=659"}],"wp:term":[{"taxonomy":"category","embeddable":true,"href":"https:\/\/www.gimnasiochang.com\/index.php\/wp-json\/wp\/v2\/categories?post=659"},{"taxonomy":"post_tag","embeddable":true,"href":"https:\/\/www.gimnasiochang.com\/index.php\/wp-json\/wp\/v2\/tags?post=659"}],"curies":[{"name":"wp","href":"https:\/\/api.w.org\/{rel}","templated":true}]}}