{"id":728,"date":"2017-11-27T14:29:18","date_gmt":"2017-11-27T13:29:18","guid":{"rendered":"http:\/\/www.gimnasiochang.com\/?p=728"},"modified":"2017-11-27T14:30:14","modified_gmt":"2017-11-27T13:30:14","slug":"campeonato-autonomico-de-la-comunidad-valencina-2017-cronica","status":"publish","type":"post","link":"https:\/\/www.gimnasiochang.com\/index.php\/2017\/11\/27\/campeonato-autonomico-de-la-comunidad-valencina-2017-cronica\/","title":{"rendered":"Campeonato Auton\u00f3mico de la Comunidad Valenciana 2017. Cr\u00f3nica"},"content":{"rendered":"<p><a href=\"https:\/\/www.gimnasiochang.com\/wp-content\/uploads\/2017\/11\/page.jpg\"><img loading=\"lazy\" class=\"aligncenter size-full wp-image-729\" src=\"https:\/\/www.gimnasiochang.com\/wp-content\/uploads\/2017\/11\/page.jpg\" alt=\"page\" width=\"515\" height=\"515\" srcset=\"https:\/\/www.gimnasiochang.com\/wp-content\/uploads\/2017\/11\/page.jpg 515w, https:\/\/www.gimnasiochang.com\/wp-content\/uploads\/2017\/11\/page-150x150.jpg 150w, https:\/\/www.gimnasiochang.com\/wp-content\/uploads\/2017\/11\/page-300x300.jpg 300w\" sizes=\"(max-width: 515px) 100vw, 515px\" \/><\/a>Este fin de semana nos desplazamos al pabell\u00f3n de La Nucia (Alicante) para acompa\u00f1ar a Noe a disputar el <strong>Campeonato Auton\u00f3mico de la Comunidad Valenciana de 2017<\/strong>. Campeonato que no ganaba desde la temporada 2013-14 y que era un objetivo fundamental para seguir luchando por la clasificaci\u00f3n para el Nacional Absoluto de 2018.<\/p>\n<p>Bocadillos, protecciones, r\u00e9flex y mucha energ\u00eda nos acompa\u00f1aron hasta el pabell\u00f3n, el equipo de siempre, Borja ,avituallamiento y c\u00e1mara, Fran, jefe de animaci\u00f3n, Bryan, becario, y yo, coach y \u00a0servicios m\u00e9dicos, nos dispusimos a ayudar a Noe en este desaf\u00edo.<\/p>\n<p>Al final el resultado, que esta vez no era lo de menos, fue satisfactorio.\u00a0<strong>Primer puesto en individual y sorprendente 3\u00ba por equipos femenino<\/strong>, fueron un gran premio a una tarde regular.<\/p>\n<p>Los combates no fueron lo esperado, Noe no consegu\u00eda encontrarse a gusto en el t\u00e1piz y ganaba la semifinal con solvencia pero con una sensaci\u00f3n de cansancio que no se correspond\u00eda al esfuerzo realizado.\u00a0 Analizando el trabajo previo por si se nos hab\u00eda escapado algo, el control de peso fue perfecto, el entrenamiento fue el habitual pre-competici\u00f3n y el trabajo de preparaci\u00f3n psicol\u00f3gica estaba hecho&#8230; pero algo no estaba bien, tal vez compaginar los estudios de medicina y la alta competici\u00f3n estaba pasando factura,<\/p>\n<p>Preparando<strong> la final<\/strong> contra la rival del Club de Paterna (que hab\u00eda derrotado a la actual campeona y que estaba demostrando estar en un gran estado de forma) nos costaba entrar en la competici\u00f3n y recuperar &#8220;feeling&#8221; competitivo.<\/p>\n<p>Sin llegar a estar a gusto, nos dirigimos a la final y el combate comenz\u00f3 pronto\u00a0poni\u00e9ndose el marcador en contra, la rival se ve\u00eda r\u00e1pida y segura con su pierna adelantada y nos consegu\u00eda puntuar obteniendo\u00a0una renta de puntos que parec\u00eda definitiva.<\/p>\n<p>Quedando pocas opciones <strong>tocaba arremangarse el dobok y ponerse a trabajar<\/strong>, el equipo animando desde la grada le ped\u00eda a Noe que no diera el combate por perdido y \u00e9sta respondi\u00f3 sacando su coraje y veteran\u00eda. Remontando el marcador a base de acciones explosivas a la cara y trabajo de pu\u00f1o, si no hab\u00eda\u00a0 &#8220;feeling&#8221; lo suplir\u00eda con garra y experiencia, logrando igualar la final y llegar al punto de oro, donde de nuevo el trabajo duro y la ambici\u00f3n de Noe\u00a0decantaron el resultado hacia nuestro lado.<\/p>\n<p>Un buen resultado para una mala competici\u00f3n, analizar y corregir. Siguiente paso&#8230; el <strong>CAMPEONATO de ESPA\u00d1A de CLUBES<\/strong>!<\/p>\n","protected":false},"excerpt":{"rendered":"<p>Este fin de semana nos desplazamos al pabell\u00f3n de La Nucia (Alicante) para acompa\u00f1ar a Noe a disputar el Campeonato Auton\u00f3mico de la Comunidad Valenciana de 2017. Campeonato que no ganaba desde la temporada 2013-14 y que era un objetivo fundamental para seguir luchando por la clasificaci\u00f3n para el Nacional Absoluto de 2018. Bocadillos, protecciones, [&hellip;]<\/p>\n","protected":false},"author":1,"featured_media":0,"comment_status":"closed","ping_status":"closed","sticky":false,"template":"","format":"standard","meta":[],"categories":[6,8],"tags":[37,42,39],"_links":{"self":[{"href":"https:\/\/www.gimnasiochang.com\/index.php\/wp-json\/wp\/v2\/posts\/728"}],"collection":[{"href":"https:\/\/www.gimnasiochang.com\/index.php\/wp-json\/wp\/v2\/posts"}],"about":[{"href":"https:\/\/www.gimnasiochang.com\/index.php\/wp-json\/wp\/v2\/types\/post"}],"author":[{"embeddable":true,"href":"https:\/\/www.gimnasiochang.com\/index.php\/wp-json\/wp\/v2\/users\/1"}],"replies":[{"embeddable":true,"href":"https:\/\/www.gimnasiochang.com\/index.php\/wp-json\/wp\/v2\/comments?post=728"}],"version-history":[{"count":4,"href":"https:\/\/www.gimnasiochang.com\/index.php\/wp-json\/wp\/v2\/posts\/728\/revisions"}],"predecessor-version":[{"id":734,"href":"https:\/\/www.gimnasiochang.com\/index.php\/wp-json\/wp\/v2\/posts\/728\/revisions\/734"}],"wp:attachment":[{"href":"https:\/\/www.gimnasiochang.com\/index.php\/wp-json\/wp\/v2\/media?parent=728"}],"wp:term":[{"taxonomy":"category","embeddable":true,"href":"https:\/\/www.gimnasiochang.com\/index.php\/wp-json\/wp\/v2\/categories?post=728"},{"taxonomy":"post_tag","embeddable":true,"href":"https:\/\/www.gimnasiochang.com\/index.php\/wp-json\/wp\/v2\/tags?post=728"}],"curies":[{"name":"wp","href":"https:\/\/api.w.org\/{rel}","templated":true}]}}