{"id":817,"date":"2018-04-23T15:53:31","date_gmt":"2018-04-23T14:53:31","guid":{"rendered":"http:\/\/www.gimnasiochang.com\/?p=817"},"modified":"2018-04-23T15:54:07","modified_gmt":"2018-04-23T14:54:07","slug":"dia-de-campeonatos","status":"publish","type":"post","link":"https:\/\/www.gimnasiochang.com\/index.php\/2018\/04\/23\/dia-de-campeonatos\/","title":{"rendered":"D\u00eda de campeonatos en Castell\u00f3n"},"content":{"rendered":"<p><a href=\"https:\/\/www.gimnasiochang.com\/wp-content\/uploads\/2018\/04\/WhatsApp-Image-2018-04-22-at-00.29.31.jpeg\"><img loading=\"lazy\" class=\"aligncenter wp-image-818\" src=\"https:\/\/www.gimnasiochang.com\/wp-content\/uploads\/2018\/04\/WhatsApp-Image-2018-04-22-at-00.29.31-300x300.jpeg\" alt=\"WhatsApp Image 2018-04-22 at 00.29.31\" width=\"350\" height=\"350\" srcset=\"https:\/\/www.gimnasiochang.com\/wp-content\/uploads\/2018\/04\/WhatsApp-Image-2018-04-22-at-00.29.31-300x300.jpeg 300w, https:\/\/www.gimnasiochang.com\/wp-content\/uploads\/2018\/04\/WhatsApp-Image-2018-04-22-at-00.29.31-150x150.jpeg 150w, https:\/\/www.gimnasiochang.com\/wp-content\/uploads\/2018\/04\/WhatsApp-Image-2018-04-22-at-00.29.31-1024x1024.jpeg 1024w, https:\/\/www.gimnasiochang.com\/wp-content\/uploads\/2018\/04\/WhatsApp-Image-2018-04-22-at-00.29.31-624x624.jpeg 624w, https:\/\/www.gimnasiochang.com\/wp-content\/uploads\/2018\/04\/WhatsApp-Image-2018-04-22-at-00.29.31.jpeg 1080w\" sizes=\"(max-width: 350px) 100vw, 350px\" \/><\/a>El pasado s\u00e1bado 21 se celebraron varios campeonatos de combate en Castell\u00f3n en los cuales el Gimnasio Chang tuvo representaci\u00f3n.<\/p>\n<p>En el primero en L\u00b4Alcora nuestro &#8220;peque\u00f1o&#8221; guerrero Carlos volv\u00eda a la competici\u00f3n ya en categor\u00eda junior, pese a haber estado entrenando muy bien y su gran condici\u00f3n f\u00edsica se vio sorprendido por la intensidad de los combates. Un punto y seguido para su desarrollo como competidor, un nuevo desaf\u00edo y unas nuevas metas.<\/p>\n<p>El segundo campeonato se trataba del CADU (campeonato auton\u00f3mico universitario) tambi\u00e9n en Castell\u00f3n pero esta vez en el pabell\u00f3n de deportes de la Universidad Jaume I.<br \/>\nAll\u00ed tambi\u00e9n volv\u00edan a los tapices los otros grandotes, Borja y David por la Universidad Polit\u00e9cnica\u00a0 y Noelia por la Universitat de Val\u00e8ncia. En un campeonato donde no se jugaban la clasificaci\u00f3n al competir con rivales de otras categor\u00edas, Borja y Noelia se encontraron con combates complicados y aunque sin llevarse el marcador a cada uno le sirvi\u00f3 el combate para ajustar el trabajo de cara al CEU (el nacional universitario).<br \/>\nDavid sin embargo ten\u00eda que clasificar para su primer nacional y as\u00ed lo hizo, con un combate con altibajos pero donde demostr\u00f3 el entrenamiento realizado, se llev\u00f3 la victoria y la clasificaci\u00f3n.<\/p>\n<p>Enhorabuena a todos los competidores del Gimnasio y tambi\u00e9n a sus rivales que son los que hacen posible ponernos a prueba y disfrutar del reto de la competici\u00f3n.<\/p>\n<p>&nbsp;<\/p>\n<p>&nbsp;<\/p>\n","protected":false},"excerpt":{"rendered":"<p>El pasado s\u00e1bado 21 se celebraron varios campeonatos de combate en Castell\u00f3n en los cuales el Gimnasio Chang tuvo representaci\u00f3n. En el primero en L\u00b4Alcora nuestro &#8220;peque\u00f1o&#8221; guerrero Carlos volv\u00eda a la competici\u00f3n ya en categor\u00eda junior, pese a haber estado entrenando muy bien y su gran condici\u00f3n f\u00edsica se vio sorprendido por la intensidad [&hellip;]<\/p>\n","protected":false},"author":1,"featured_media":0,"comment_status":"closed","ping_status":"closed","sticky":false,"template":"","format":"standard","meta":[],"categories":[6],"tags":[41,46,42,36],"_links":{"self":[{"href":"https:\/\/www.gimnasiochang.com\/index.php\/wp-json\/wp\/v2\/posts\/817"}],"collection":[{"href":"https:\/\/www.gimnasiochang.com\/index.php\/wp-json\/wp\/v2\/posts"}],"about":[{"href":"https:\/\/www.gimnasiochang.com\/index.php\/wp-json\/wp\/v2\/types\/post"}],"author":[{"embeddable":true,"href":"https:\/\/www.gimnasiochang.com\/index.php\/wp-json\/wp\/v2\/users\/1"}],"replies":[{"embeddable":true,"href":"https:\/\/www.gimnasiochang.com\/index.php\/wp-json\/wp\/v2\/comments?post=817"}],"version-history":[{"count":2,"href":"https:\/\/www.gimnasiochang.com\/index.php\/wp-json\/wp\/v2\/posts\/817\/revisions"}],"predecessor-version":[{"id":820,"href":"https:\/\/www.gimnasiochang.com\/index.php\/wp-json\/wp\/v2\/posts\/817\/revisions\/820"}],"wp:attachment":[{"href":"https:\/\/www.gimnasiochang.com\/index.php\/wp-json\/wp\/v2\/media?parent=817"}],"wp:term":[{"taxonomy":"category","embeddable":true,"href":"https:\/\/www.gimnasiochang.com\/index.php\/wp-json\/wp\/v2\/categories?post=817"},{"taxonomy":"post_tag","embeddable":true,"href":"https:\/\/www.gimnasiochang.com\/index.php\/wp-json\/wp\/v2\/tags?post=817"}],"curies":[{"name":"wp","href":"https:\/\/api.w.org\/{rel}","templated":true}]}}